{"entity":{"iso2":null,"iso3":null,"name":"St\u0159edn\u00ed \u010cechy","slug":"stredni-cechy"},"indicator":{"licence":"CC BY 4.0 (Eurostat)","slug":"persons-at-risk-of-poverty-or-social-exclusion-by-nuts-2-region","source":"Eurostat","source_url":"https://ec.europa.eu/eurostat/databrowser/view/ilc_peps11n","title":"Persons at risk of poverty or social exclusion by NUTS 2 region","unit":"Percentage"},"observations":[{"date":"2015-01-01","value":9.3},{"date":"2016-01-01","value":9.9},{"date":"2017-01-01","value":11.0},{"date":"2018-01-01","value":9.4},{"date":"2019-01-01","value":9.6},{"date":"2020-01-01","value":9.1},{"date":"2021-01-01","value":7.3},{"date":"2022-01-01","value":8.7},{"date":"2023-01-01","value":10.2},{"date":"2024-01-01","value":11.0},{"date":"2025-01-01","value":11.2}],"summary":{"latest_period":"2025-01-01","latest_value":11.2,"max":11.2,"mean":9.7,"min":7.3,"of":299,"rank":280,"trend":"rising"}}
