{"entity":{"iso2":null,"iso3":null,"name":"Alf\u00f6ld \u00e9s \u00c9szak","slug":"alfold-es-eszak"},"indicator":{"licence":"CC BY 4.0 (Eurostat)","slug":"material-and-social-deprivation-rate-by-nuts-2-region","source":"Eurostat","source_url":"https://ec.europa.eu/eurostat/databrowser/view/ilc_mdsd08","title":"Material and social deprivation rate by NUTS 2 region","unit":"Percentage"},"observations":[{"date":"2014-01-01","value":45.6},{"date":"2015-01-01","value":39.9},{"date":"2016-01-01","value":34.7},{"date":"2017-01-01","value":30.9},{"date":"2018-01-01","value":25.7},{"date":"2019-01-01","value":22.2},{"date":"2020-01-01","value":23.4},{"date":"2021-01-01","value":22.7},{"date":"2022-01-01","value":21.7},{"date":"2023-01-01","value":23.1},{"date":"2024-01-01","value":21.9},{"date":"2025-01-01","value":20.5}],"summary":{"latest_period":"2025-01-01","latest_value":20.5,"max":45.6,"mean":27.6917,"min":20.5,"of":214,"rank":45,"trend":"falling"}}
